{"id":3000,"date":"2026-08-24T14:13:00","date_gmt":"2026-08-24T17:13:00","guid":{"rendered":"https:\/\/colegioatrio.com.br\/?p=3000"},"modified":"2026-09-03T14:16:13","modified_gmt":"2026-09-03T17:16:13","slug":"hora-da-noticia-amplia-dialogo-sobre-a-lei-maria-da-penha","status":"publish","type":"post","link":"https:\/\/colegioatrio.com.br\/index.php\/2026\/08\/24\/hora-da-noticia-amplia-dialogo-sobre-a-lei-maria-da-penha\/","title":{"rendered":"Hora da Not\u00edcia amplia di\u00e1logo sobre a Lei Maria da Penha"},"content":{"rendered":"\n<p>A Hora da Not\u00edcia \u00e9 uma pr\u00e1tica permanente do Col\u00e9gio \u00c1trio que proporciona aos estudantes um espa\u00e7o de di\u00e1logo, reflex\u00e3o e constru\u00e7\u00e3o coletiva de conhecimentos a partir de temas relevantes da atualidade.<br>Recentemente, os alunos do 6\u00ba ao 9\u00ba ano se reuniram para conversar sobre a not\u00edcia \u201cNos 20 anos da Lei Maria da Penha, Brasil registra maior n\u00famero de medidas protetivas da hist\u00f3ria\u201d. A pauta foi sugerida pelos estudantes do 5\u00ba ano, refor\u00e7ando o protagonismo dos alunos tamb\u00e9m na escolha dos assuntos discutidos pelo projeto.<br>A cada semana, os temas s\u00e3o indicados pelos pr\u00f3prios estudantes e por suas fam\u00edlias, permitindo que diferentes interesses, perspectivas e quest\u00f5es presentes na sociedade fa\u00e7am parte das conversas realizadas no ambiente escolar.<br>Mais do que acompanhar os acontecimentos, a Hora da Not\u00edcia busca estimular o pensamento cr\u00edtico, a argumenta\u00e7\u00e3o, a escuta e o respeito \u00e0s diferentes opini\u00f5es, contribuindo para a forma\u00e7\u00e3o de estudantes mais conscientes, participativos e preparados para compreender as quest\u00f5es que fazem parte da sociedade.<\/p>\n\n\n\n<figure class=\"wp-block-gallery has-nested-images columns-default is-cropped wp-block-gallery-1 is-layout-flex wp-block-gallery-is-layout-flex\">\n<figure class=\"wp-block-image size-large\"><img loading=\"lazy\" decoding=\"async\" width=\"1024\" height=\"576\" data-id=\"3001\" src=\"https:\/\/colegioatrio.com.br\/wp-content\/uploads\/2026\/09\/WhatsApp-Image-2026-08-24-at-07.58.46-1-1024x576.jpeg\" alt=\"\" class=\"wp-image-3001\" srcset=\"https:\/\/colegioatrio.com.br\/wp-content\/uploads\/2026\/09\/WhatsApp-Image-2026-08-24-at-07.58.46-1-1024x576.jpeg 1024w, https:\/\/colegioatrio.com.br\/wp-content\/uploads\/2026\/09\/WhatsApp-Image-2026-08-24-at-07.58.46-1-300x169.jpeg 300w, https:\/\/colegioatrio.com.br\/wp-content\/uploads\/2026\/09\/WhatsApp-Image-2026-08-24-at-07.58.46-1-768x432.jpeg 768w, https:\/\/colegioatrio.com.br\/wp-content\/uploads\/2026\/09\/WhatsApp-Image-2026-08-24-at-07.58.46-1.jpeg 1280w\" sizes=\"(max-width: 1024px) 100vw, 1024px\" \/><\/figure>\n\n\n\n<figure class=\"wp-block-image size-large\"><img loading=\"lazy\" decoding=\"async\" width=\"576\" height=\"1024\" data-id=\"3002\" src=\"https:\/\/colegioatrio.com.br\/wp-content\/uploads\/2026\/09\/WhatsApp-Image-2026-08-24-at-07.58.46-576x1024.jpeg\" alt=\"\" class=\"wp-image-3002\" srcset=\"https:\/\/colegioatrio.com.br\/wp-content\/uploads\/2026\/09\/WhatsApp-Image-2026-08-24-at-07.58.46-576x1024.jpeg 576w, https:\/\/colegioatrio.com.br\/wp-content\/uploads\/2026\/09\/WhatsApp-Image-2026-08-24-at-07.58.46-169x300.jpeg 169w, https:\/\/colegioatrio.com.br\/wp-content\/uploads\/2026\/09\/WhatsApp-Image-2026-08-24-at-07.58.46.jpeg 720w\" sizes=\"(max-width: 576px) 100vw, 576px\" \/><\/figure>\n<\/figure>\n","protected":false},"excerpt":{"rendered":"<p>A Hora da Not\u00edcia \u00e9 uma pr\u00e1tica permanente do Col\u00e9gio \u00c1trio que proporciona aos estudantes um espa\u00e7o de di\u00e1logo, reflex\u00e3o e constru\u00e7\u00e3o coletiva de conhecimentos a partir de temas relevantes da atualidade.Recentemente, os alunos do 6\u00ba ao 9\u00ba ano se reuniram para conversar sobre a not\u00edcia \u201cNos 20 anos da Lei Maria da Penha, Brasil &hellip;<\/p>\n<p class=\"read-more\"> <a class=\"\" href=\"https:\/\/colegioatrio.com.br\/index.php\/2026\/08\/24\/hora-da-noticia-amplia-dialogo-sobre-a-lei-maria-da-penha\/\"> <span class=\"screen-reader-text\">Hora da Not\u00edcia amplia di\u00e1logo sobre a Lei Maria da Penha<\/span> Leia mais &raquo;<\/a><\/p>\n","protected":false},"author":123457,"featured_media":3003,"comment_status":"open","ping_status":"open","sticky":false,"template":"","format":"standard","meta":{"om_disable_all_campaigns":false,"_monsterinsights_skip_tracking":false,"_monsterinsights_sitenote_active":false,"_monsterinsights_sitenote_note":"","_monsterinsights_sitenote_category":0,"_uf_show_specific_survey":0,"_uf_disable_surveys":false,"site-sidebar-layout":"default","site-content-layout":"","ast-site-content-layout":"","site-content-style":"default","site-sidebar-style":"default","ast-global-header-display":"","ast-banner-title-visibility":"","ast-main-header-display":"","ast-hfb-above-header-display":"","ast-hfb-below-header-display":"","ast-hfb-mobile-header-display":"","site-post-title":"","ast-breadcrumbs-content":"","ast-featured-img":"","footer-sml-layout":"","theme-transparent-header-meta":"","adv-header-id-meta":"","stick-header-meta":"","header-above-stick-meta":"","header-main-stick-meta":"","header-below-stick-meta":"","astra-migrate-meta-layouts":"","footnotes":""},"categories":[5,4],"tags":[46,49,52,50],"aioseo_notices":[],"_links":{"self":[{"href":"https:\/\/colegioatrio.com.br\/index.php\/wp-json\/wp\/v2\/posts\/3000"}],"collection":[{"href":"https:\/\/colegioatrio.com.br\/index.php\/wp-json\/wp\/v2\/posts"}],"about":[{"href":"https:\/\/colegioatrio.com.br\/index.php\/wp-json\/wp\/v2\/types\/post"}],"author":[{"embeddable":true,"href":"https:\/\/colegioatrio.com.br\/index.php\/wp-json\/wp\/v2\/users\/123457"}],"replies":[{"embeddable":true,"href":"https:\/\/colegioatrio.com.br\/index.php\/wp-json\/wp\/v2\/comments?post=3000"}],"version-history":[{"count":1,"href":"https:\/\/colegioatrio.com.br\/index.php\/wp-json\/wp\/v2\/posts\/3000\/revisions"}],"predecessor-version":[{"id":3004,"href":"https:\/\/colegioatrio.com.br\/index.php\/wp-json\/wp\/v2\/posts\/3000\/revisions\/3004"}],"wp:featuredmedia":[{"embeddable":true,"href":"https:\/\/colegioatrio.com.br\/index.php\/wp-json\/wp\/v2\/media\/3003"}],"wp:attachment":[{"href":"https:\/\/colegioatrio.com.br\/index.php\/wp-json\/wp\/v2\/media?parent=3000"}],"wp:term":[{"taxonomy":"category","embeddable":true,"href":"https:\/\/colegioatrio.com.br\/index.php\/wp-json\/wp\/v2\/categories?post=3000"},{"taxonomy":"post_tag","embeddable":true,"href":"https:\/\/colegioatrio.com.br\/index.php\/wp-json\/wp\/v2\/tags?post=3000"}],"curies":[{"name":"wp","href":"https:\/\/api.w.org\/{rel}","templated":true}]}}